{"id":4718,"date":"2024-05-06T16:08:24","date_gmt":"2024-05-06T19:08:24","guid":{"rendered":"https:\/\/orvedbrock.com.br\/es\/?post_type=novidades&#038;p=4718"},"modified":"2025-04-09T12:02:11","modified_gmt":"2025-04-09T15:02:11","slug":"ajuste-tamano-desmechado","status":"publish","type":"blog","link":"https:\/\/orvedbrock.com.br\/es\/blog\/ajuste-tamano-desmechado\/","title":{"rendered":"Ajuste del tama\u00f1o de desmechado"},"content":{"rendered":"\n<p>La principal pregunta que se hacen los interesados en adquirir nuestras desmechadoras de carne y pollo (l\u00ednea DFC) es si estas m\u00e1quinas disponen de una regulaci\u00f3n para ajustar el tama\u00f1o del desmechado. En este art\u00edculo vamos a explicar si esto es posible y c\u00f3mo se puede proceder para tener desmechados m\u00e1s peque\u00f1os y m\u00e1s grandes.<\/p>\n\n\n\n<iframe loading=\"lazy\" width=\"400\" height=\"225\" src=\"https:\/\/youtube.com\/embed\/brOs2T3xB0M?feature=share\" title=\"YouTube video player\" frameborder=\"0\" allow=\"accelerometer; autoplay; clipboard-write; encrypted-media; gyroscope; picture-in-picture; web-share\" referrerpolicy=\"strict-origin-when-cross-origin\" allowfullscreen><\/iframe>\n\n\n\n<h2 class=\"wp-block-heading\">Nuestras m\u00e1quinas desmechadoras de carne y pollo separan las fibras correctamente<\/h2>\n\n\n\n<p>Pues bien, esto es lo que tienes que saber para entender por qu\u00e9 nuestras desmechadoras no regulan el tama\u00f1o del desmechado. Esto se debe a que el sistema patentado que utilizan permite que las fibras se separen correctamente, lo que es muy diferente a romperlas en tama\u00f1os predefinidos. As\u00ed, el tama\u00f1o de la trituraci\u00f3n siempre ser\u00e1 proporcional al tama\u00f1o de la fibra del alimento.<\/p>\n\n\n\n<p>Esto implica que los productos con fibras m\u00e1s peque\u00f1as tendr\u00e1n desmechdos m\u00e1s peque\u00f1os. Un ejemplo de ello es comparar la pechuga de pollo con el filete de pollo. Si se desmenuza la pechuga, la fibra ser\u00e1 mucho mayor que la del filete.<\/p>\n\n\n\n<figure class=\"wp-block-image alignnone\"><img decoding=\"async\" src=\"https:\/\/orvedbrock.com.br\/wp-content\/uploads\/2021\/01\/Peito-de-frango-x-sassami.png\" alt=\"Chicken breast and fillet shredding\"\/><figcaption class=\"wp-element-caption\">Tenga en cuenta que la pechuga de pollo desmenuzada ser\u00e1 mucho m\u00e1s grande que la de filete<\/figcaption><\/figure>\n\n\n\n<p>As\u00ed que siempre que pienses en el tama\u00f1o del desmechado, piensa en cu\u00e1l es el tama\u00f1o de tus fibras proteicas y obtendr\u00e1s la respuesta.<\/p>\n\n\n\n<h2 class=\"wp-block-heading\">Hay una forma muy sencilla de regular el tama\u00f1o del desmechado<\/h2>\n\n\n\n<p>Como mencionamos anteriormente, nuestro equipo no regula el tama\u00f1o del desmechado, porque si lo hiciera, tendr\u00eda que romper las fibras y por lo tanto ya no ser\u00eda el desmechado perfecto. La forma de solucionar el tama\u00f1o de las fibras es m\u00e1s sencilla de lo que parece: corta tu prote\u00edna al tama\u00f1o que quieras que tengan tus fibras.<\/p>\n\n\n\n<p>Por ejemplo, si el tama\u00f1o de las fibras de la pechuga de pollo le parece demasiado grande, simplemente c\u00f3rtela por la mitad y la carne desmenuzada tendr\u00e1 ahora la mitad de tama\u00f1o. Otro ejemplo es el desmenuzado de ternera, en el que puedes cortar la pieza en trozos donde te convenga el desmenuzado.<\/p>\n\n\n\n<p>Y no olvide que, para regular el tama\u00f1o, debe cortar la pieza de carne perpendicularmente a la direcci\u00f3n de las fibras.<\/p>\n\n\n\n<figure class=\"wp-block-image size-full is-resized\"><a href=\"https:\/\/orvedbrock.com.br\/es\/line\/desmechadoras-de-carne-y-pollo\/\"><img loading=\"lazy\" decoding=\"async\" width=\"1000\" height=\"382\" src=\"https:\/\/orvedbrock.com.br\/es\/wp-content\/uploads\/2024\/09\/Footer-DFC-1-ES.png\" alt=\"Descubra nuestras desmechadoras de carne y pollo patentadas de la L\u00ednea DFC\" class=\"wp-image-5125\" style=\"width:700px\" srcset=\"https:\/\/orvedbrock.com.br\/es\/wp-content\/uploads\/2024\/09\/Footer-DFC-1-ES.png 1000w, https:\/\/orvedbrock.com.br\/es\/wp-content\/uploads\/2024\/09\/Footer-DFC-1-ES-300x115.png 300w, https:\/\/orvedbrock.com.br\/es\/wp-content\/uploads\/2024\/09\/Footer-DFC-1-ES-768x293.png 768w\" sizes=\"auto, (max-width: 1000px) 100vw, 1000px\" \/><\/a><\/figure>\n\n\n\n<p>\u00bfDesea ponerse en contacto con Orved Brock para obtener m\u00e1s informaci\u00f3n sobre nuestras desmechadoras patentadas de la L\u00ednea DFC? P\u00f3ngase en contacto con nosotros por WhatsApp: +55 85 98793-6777 o correo electr\u00f3nico: vendas@orvedbrock.com.br.<\/p>\n\n\n\n<figure class=\"wp-block-image\"><a href=\"https:\/\/wa.me\/5585987936777?text=Hola%20Orved%20Brock%20Me%20gustar%C3%ADa%20saber%20m%C3%A1s%20acerca%20de%20sus%20desmechadoras%20de%20pollo%20y%20carne%20de%20la%20L%C3%ADnea%20DFC.\" target=\"_blank\" rel=\"noreferrer noopener\"><img loading=\"lazy\" decoding=\"async\" width=\"153\" height=\"33\" src=\"https:\/\/orvedbrock.com.br\/es\/wp-content\/uploads\/2024\/07\/servico-online.png\" alt=\"Servicio Online Orved Brock\" class=\"wp-image-4950\" srcset=\"https:\/\/orvedbrock.com.br\/es\/wp-content\/uploads\/2024\/07\/servico-online.png 153w, https:\/\/orvedbrock.com.br\/es\/wp-content\/uploads\/2024\/07\/servico-online-150x33.png 150w\" sizes=\"auto, (max-width: 153px) 100vw, 153px\" \/><\/a><\/figure>\n","protected":false},"featured_media":4719,"parent":0,"menu_order":82,"template":"","categorias":[44],"class_list":["post-4718","blog","type-blog","status-publish","has-post-thumbnail","hentry","categorias-desmechadora-de-carne-y-pollo"],"acf":[],"yoast_head":"<!-- This site is optimized with the Yoast SEO plugin v27.5 - https:\/\/yoast.com\/product\/yoast-seo-wordpress\/ -->\n<title>Ajuste del tama\u00f1o de desmechado - L\u00ednea DFC - Orved Brock<\/title>\n<meta name=\"description\" content=\"Descubra c\u00f3mo es posible ajustar el tama\u00f1o de desmechado en nuestras desmechadoras de pollo y carne. Desmenuzado perfecto.\" \/>\n<meta name=\"robots\" content=\"index, follow, max-snippet:-1, max-image-preview:large, max-video-preview:-1\" \/>\n<link rel=\"canonical\" href=\"https:\/\/orvedbrock.com.br\/es\/blog\/ajuste-tamano-desmechado\/\" \/>\n<meta property=\"og:locale\" content=\"pt_BR\" \/>\n<meta property=\"og:type\" content=\"article\" \/>\n<meta property=\"og:title\" content=\"Ajuste del tama\u00f1o de desmechado - L\u00ednea DFC - Orved Brock\" \/>\n<meta property=\"og:description\" content=\"Descubra c\u00f3mo es posible ajustar el tama\u00f1o de desmechado en nuestras desmechadoras de pollo y carne. Desmenuzado perfecto.\" \/>\n<meta property=\"og:url\" content=\"https:\/\/orvedbrock.com.br\/es\/blog\/ajuste-tamano-desmechado\/\" \/>\n<meta property=\"og:site_name\" content=\"Orved Brock\" \/>\n<meta property=\"article:modified_time\" content=\"2025-04-09T15:02:11+00:00\" \/>\n<meta property=\"og:image\" content=\"https:\/\/orvedbrock.com.br\/es\/wp-content\/uploads\/2024\/05\/capa1607.png\" \/>\n\t<meta property=\"og:image:width\" content=\"361\" \/>\n\t<meta property=\"og:image:height\" content=\"256\" \/>\n\t<meta property=\"og:image:type\" content=\"image\/png\" \/>\n<meta name=\"twitter:card\" content=\"summary_large_image\" \/>\n<meta name=\"twitter:label1\" content=\"Est. tempo de leitura\" \/>\n\t<meta name=\"twitter:data1\" content=\"3 minutos\" \/>\n<script type=\"application\/ld+json\" class=\"yoast-schema-graph\">{\"@context\":\"https:\\\/\\\/schema.org\",\"@graph\":[{\"@type\":\"WebPage\",\"@id\":\"https:\\\/\\\/orvedbrock.com.br\\\/es\\\/blog\\\/ajuste-tamano-desmechado\\\/\",\"url\":\"https:\\\/\\\/orvedbrock.com.br\\\/es\\\/blog\\\/ajuste-tamano-desmechado\\\/\",\"name\":\"Ajuste del tama\u00f1o de desmechado - L\u00ednea DFC - Orved Brock\",\"isPartOf\":{\"@id\":\"https:\\\/\\\/orvedbrock.com.br\\\/es\\\/#website\"},\"primaryImageOfPage\":{\"@id\":\"https:\\\/\\\/orvedbrock.com.br\\\/es\\\/blog\\\/ajuste-tamano-desmechado\\\/#primaryimage\"},\"image\":{\"@id\":\"https:\\\/\\\/orvedbrock.com.br\\\/es\\\/blog\\\/ajuste-tamano-desmechado\\\/#primaryimage\"},\"thumbnailUrl\":\"https:\\\/\\\/orvedbrock.com.br\\\/es\\\/wp-content\\\/uploads\\\/2024\\\/05\\\/capa1607.png\",\"datePublished\":\"2024-05-06T19:08:24+00:00\",\"dateModified\":\"2025-04-09T15:02:11+00:00\",\"description\":\"Descubra c\u00f3mo es posible ajustar el tama\u00f1o de desmechado en nuestras desmechadoras de pollo y carne. Desmenuzado perfecto.\",\"breadcrumb\":{\"@id\":\"https:\\\/\\\/orvedbrock.com.br\\\/es\\\/blog\\\/ajuste-tamano-desmechado\\\/#breadcrumb\"},\"inLanguage\":\"pt-BR\",\"potentialAction\":[{\"@type\":\"ReadAction\",\"target\":[\"https:\\\/\\\/orvedbrock.com.br\\\/es\\\/blog\\\/ajuste-tamano-desmechado\\\/\"]}]},{\"@type\":\"ImageObject\",\"inLanguage\":\"pt-BR\",\"@id\":\"https:\\\/\\\/orvedbrock.com.br\\\/es\\\/blog\\\/ajuste-tamano-desmechado\\\/#primaryimage\",\"url\":\"https:\\\/\\\/orvedbrock.com.br\\\/es\\\/wp-content\\\/uploads\\\/2024\\\/05\\\/capa1607.png\",\"contentUrl\":\"https:\\\/\\\/orvedbrock.com.br\\\/es\\\/wp-content\\\/uploads\\\/2024\\\/05\\\/capa1607.png\",\"width\":361,\"height\":256,\"caption\":\"Ajuste del tama\u00f1o del desmechado en nuestras desmechadoras de carne y pollo\"},{\"@type\":\"BreadcrumbList\",\"@id\":\"https:\\\/\\\/orvedbrock.com.br\\\/es\\\/blog\\\/ajuste-tamano-desmechado\\\/#breadcrumb\",\"itemListElement\":[{\"@type\":\"ListItem\",\"position\":1,\"name\":\"Blog\",\"item\":\"https:\\\/\\\/orvedbrock.com.br\\\/es\\\/blog\\\/\"},{\"@type\":\"ListItem\",\"position\":2,\"name\":\"Ajuste del tama\u00f1o de desmechado\"}]},{\"@type\":\"WebSite\",\"@id\":\"https:\\\/\\\/orvedbrock.com.br\\\/es\\\/#website\",\"url\":\"https:\\\/\\\/orvedbrock.com.br\\\/es\\\/\",\"name\":\"Orved Brock\",\"description\":\"Desmechadoras de Pollo y Carne | Termocirculadores Profesionales Sous Vide\",\"publisher\":{\"@id\":\"https:\\\/\\\/orvedbrock.com.br\\\/es\\\/#organization\"},\"potentialAction\":[{\"@type\":\"SearchAction\",\"target\":{\"@type\":\"EntryPoint\",\"urlTemplate\":\"https:\\\/\\\/orvedbrock.com.br\\\/es\\\/?s={search_term_string}\"},\"query-input\":{\"@type\":\"PropertyValueSpecification\",\"valueRequired\":true,\"valueName\":\"search_term_string\"}}],\"inLanguage\":\"pt-BR\"},{\"@type\":\"Organization\",\"@id\":\"https:\\\/\\\/orvedbrock.com.br\\\/es\\\/#organization\",\"name\":\"Orved Brock\",\"url\":\"https:\\\/\\\/orvedbrock.com.br\\\/es\\\/\",\"logo\":{\"@type\":\"ImageObject\",\"inLanguage\":\"pt-BR\",\"@id\":\"https:\\\/\\\/orvedbrock.com.br\\\/es\\\/#\\\/schema\\\/logo\\\/image\\\/\",\"url\":\"https:\\\/\\\/orvedbrock.com.br\\\/es\\\/wp-content\\\/uploads\\\/2024\\\/05\\\/cropped-Logo-Favicon.png\",\"contentUrl\":\"https:\\\/\\\/orvedbrock.com.br\\\/es\\\/wp-content\\\/uploads\\\/2024\\\/05\\\/cropped-Logo-Favicon.png\",\"width\":512,\"height\":512,\"caption\":\"Orved Brock\"},\"image\":{\"@id\":\"https:\\\/\\\/orvedbrock.com.br\\\/es\\\/#\\\/schema\\\/logo\\\/image\\\/\"}}]}<\/script>\n<!-- \/ Yoast SEO plugin. -->","yoast_head_json":{"title":"Ajuste del tama\u00f1o de desmechado - L\u00ednea DFC - Orved Brock","description":"Descubra c\u00f3mo es posible ajustar el tama\u00f1o de desmechado en nuestras desmechadoras de pollo y carne. Desmenuzado perfecto.","robots":{"index":"index","follow":"follow","max-snippet":"max-snippet:-1","max-image-preview":"max-image-preview:large","max-video-preview":"max-video-preview:-1"},"canonical":"https:\/\/orvedbrock.com.br\/es\/blog\/ajuste-tamano-desmechado\/","og_locale":"pt_BR","og_type":"article","og_title":"Ajuste del tama\u00f1o de desmechado - L\u00ednea DFC - Orved Brock","og_description":"Descubra c\u00f3mo es posible ajustar el tama\u00f1o de desmechado en nuestras desmechadoras de pollo y carne. Desmenuzado perfecto.","og_url":"https:\/\/orvedbrock.com.br\/es\/blog\/ajuste-tamano-desmechado\/","og_site_name":"Orved Brock","article_modified_time":"2025-04-09T15:02:11+00:00","og_image":[{"width":361,"height":256,"url":"https:\/\/orvedbrock.com.br\/es\/wp-content\/uploads\/2024\/05\/capa1607.png","type":"image\/png"}],"twitter_card":"summary_large_image","twitter_misc":{"Est. tempo de leitura":"3 minutos"},"schema":{"@context":"https:\/\/schema.org","@graph":[{"@type":"WebPage","@id":"https:\/\/orvedbrock.com.br\/es\/blog\/ajuste-tamano-desmechado\/","url":"https:\/\/orvedbrock.com.br\/es\/blog\/ajuste-tamano-desmechado\/","name":"Ajuste del tama\u00f1o de desmechado - L\u00ednea DFC - Orved Brock","isPartOf":{"@id":"https:\/\/orvedbrock.com.br\/es\/#website"},"primaryImageOfPage":{"@id":"https:\/\/orvedbrock.com.br\/es\/blog\/ajuste-tamano-desmechado\/#primaryimage"},"image":{"@id":"https:\/\/orvedbrock.com.br\/es\/blog\/ajuste-tamano-desmechado\/#primaryimage"},"thumbnailUrl":"https:\/\/orvedbrock.com.br\/es\/wp-content\/uploads\/2024\/05\/capa1607.png","datePublished":"2024-05-06T19:08:24+00:00","dateModified":"2025-04-09T15:02:11+00:00","description":"Descubra c\u00f3mo es posible ajustar el tama\u00f1o de desmechado en nuestras desmechadoras de pollo y carne. Desmenuzado perfecto.","breadcrumb":{"@id":"https:\/\/orvedbrock.com.br\/es\/blog\/ajuste-tamano-desmechado\/#breadcrumb"},"inLanguage":"pt-BR","potentialAction":[{"@type":"ReadAction","target":["https:\/\/orvedbrock.com.br\/es\/blog\/ajuste-tamano-desmechado\/"]}]},{"@type":"ImageObject","inLanguage":"pt-BR","@id":"https:\/\/orvedbrock.com.br\/es\/blog\/ajuste-tamano-desmechado\/#primaryimage","url":"https:\/\/orvedbrock.com.br\/es\/wp-content\/uploads\/2024\/05\/capa1607.png","contentUrl":"https:\/\/orvedbrock.com.br\/es\/wp-content\/uploads\/2024\/05\/capa1607.png","width":361,"height":256,"caption":"Ajuste del tama\u00f1o del desmechado en nuestras desmechadoras de carne y pollo"},{"@type":"BreadcrumbList","@id":"https:\/\/orvedbrock.com.br\/es\/blog\/ajuste-tamano-desmechado\/#breadcrumb","itemListElement":[{"@type":"ListItem","position":1,"name":"Blog","item":"https:\/\/orvedbrock.com.br\/es\/blog\/"},{"@type":"ListItem","position":2,"name":"Ajuste del tama\u00f1o de desmechado"}]},{"@type":"WebSite","@id":"https:\/\/orvedbrock.com.br\/es\/#website","url":"https:\/\/orvedbrock.com.br\/es\/","name":"Orved Brock","description":"Desmechadoras de Pollo y Carne | Termocirculadores Profesionales Sous Vide","publisher":{"@id":"https:\/\/orvedbrock.com.br\/es\/#organization"},"potentialAction":[{"@type":"SearchAction","target":{"@type":"EntryPoint","urlTemplate":"https:\/\/orvedbrock.com.br\/es\/?s={search_term_string}"},"query-input":{"@type":"PropertyValueSpecification","valueRequired":true,"valueName":"search_term_string"}}],"inLanguage":"pt-BR"},{"@type":"Organization","@id":"https:\/\/orvedbrock.com.br\/es\/#organization","name":"Orved Brock","url":"https:\/\/orvedbrock.com.br\/es\/","logo":{"@type":"ImageObject","inLanguage":"pt-BR","@id":"https:\/\/orvedbrock.com.br\/es\/#\/schema\/logo\/image\/","url":"https:\/\/orvedbrock.com.br\/es\/wp-content\/uploads\/2024\/05\/cropped-Logo-Favicon.png","contentUrl":"https:\/\/orvedbrock.com.br\/es\/wp-content\/uploads\/2024\/05\/cropped-Logo-Favicon.png","width":512,"height":512,"caption":"Orved Brock"},"image":{"@id":"https:\/\/orvedbrock.com.br\/es\/#\/schema\/logo\/image\/"}}]}},"_links":{"self":[{"href":"https:\/\/orvedbrock.com.br\/es\/wp-json\/wp\/v2\/blog\/4718","targetHints":{"allow":["GET"]}}],"collection":[{"href":"https:\/\/orvedbrock.com.br\/es\/wp-json\/wp\/v2\/blog"}],"about":[{"href":"https:\/\/orvedbrock.com.br\/es\/wp-json\/wp\/v2\/types\/blog"}],"wp:featuredmedia":[{"embeddable":true,"href":"https:\/\/orvedbrock.com.br\/es\/wp-json\/wp\/v2\/media\/4719"}],"wp:attachment":[{"href":"https:\/\/orvedbrock.com.br\/es\/wp-json\/wp\/v2\/media?parent=4718"}],"wp:term":[{"taxonomy":"categorias","embeddable":true,"href":"https:\/\/orvedbrock.com.br\/es\/wp-json\/wp\/v2\/categorias?post=4718"}],"curies":[{"name":"wp","href":"https:\/\/api.w.org\/{rel}","templated":true}]}}